{"provider_url": "https://www.piumhi.mg.leg.br", "title": "\u2018BRILHANTE MULHERES 2026\u2019", "html": "<p align=\"center\" style=\"text-align: center; \"><b>\u2018BRILHANTE MULHERES 2026\u2019</b></p>\r\n<p style=\"text-align: justify; \"><b><i>Na 1\u00aa Sess\u00e3o Solene do ano, o Legislativo Municipal destaca a for\u00e7a, o talento e a participa\u00e7\u00e3o feminina na sociedade\u00a0</i></b></p>\r\n<p style=\"text-align: justify; \"><b><i><img src=\"https://www.piumhi.mg.leg.br/imagens/668e457393644ecaba7e8dbdae6b636d.jpg/@@images/f7471538-e2bc-4668-9707-20266e75e688.jpeg\" alt=\"\" class=\"image-inline\" title=\"\" /></i></b></p>\r\n<p style=\"text-align: justify; \">\u00a0 \u00a0 \u00a0Em prestigiada solenidade realizada na noite de quinta-feira, dia 16, no Audit\u00f3rio de Sess\u00f5es Vereador Jos\u00e9 Soares de Oliveira Sobrinho, a C\u00e2mara Municipal de Piumhi promoveu a entrega do Trof\u00e9u \u201cBrilhantes Mulheres 2026\u201d, por meio do qual, anualmente, reconhece a for\u00e7a, o talento e a relevante participa\u00e7\u00e3o feminina na sociedade piumhiense.</p>\r\n<p style=\"text-align: justify; \">\u00a0\u00a0\u00a0\u00a0 A homenagem foi institu\u00edda por meio do Decreto Legislativo n\u00ba 01/2013, de iniciativa da ent\u00e3o vereadora Marina Tom\u00e9 Rocha, consolidando-se como um importante instrumento de valoriza\u00e7\u00e3o das mulheres no \u00e2mbito do munic\u00edpio. A solenidade tem como objetivo enaltecer mulheres que se destacam em suas trajet\u00f3rias de vida, independentemente de segmentos ou tend\u00eancias pol\u00edticas, cor, ra\u00e7a, religi\u00e3o ou posi\u00e7\u00e3o social, assegurando o devido reconhecimento por\u00a0</p>\r\n<p style=\"text-align: justify; \">parte do Poder P\u00fablico. O cerimonial foi conduzido pelo servidor da C\u00e2mara Municipal, Elias Fernandes Ferreira.</p>\r\n<p style=\"text-align: justify; \">\u00a0\u00a0\u00a0\u00a0 Ao todo, nove mulheres foram agraciadas com o Trof\u00e9u \u201cBrilhantes Mulheres 2026\u201d, indicadas pelos vereadores, em uma cerim\u00f4nia que reuniu homenageadas, familiares, amigos e autoridades.</p>\r\n<p style=\"text-align: justify; \"><b>Presidente abre solenidade com mensagem de reconhecimento</b></p>\r\n<p style=\"text-align: justify; \"><b><img src=\"https://www.piumhi.mg.leg.br/imagens/4.PresidenteJosWeligton.jpg/@@images/401b1335-8d15-40ea-b8a1-75abb849048e.jpeg\" alt=\"\" class=\"image-inline\" title=\"\" /></b></p>\r\n<p style=\"text-align: justify; \"><i>Homenagem destaca hist\u00f3rias de supera\u00e7\u00e3o e inspira a comunidade piumhiense</i></p>\r\n<p style=\"text-align: justify; \">Na abertura da solenidade, o presidente da C\u00e2mara Municipal de Piumhi, vereador Jos\u00e9 Welington da Silva, ressaltou a import\u00e2ncia da homenagem, destacando o reconhecimento a mulheres com trajet\u00f3rias marcadas por dedica\u00e7\u00e3o, amor e contribui\u00e7\u00e3o \u00e0 sociedade.</p>\r\n<p style=\"text-align: justify; \">\u00a0\u00a0\u00a0\u00a0 Em sua fala, enfatizou o exemplo das nove homenageadas, cujas hist\u00f3rias refletem coragem, supera\u00e7\u00e3o e determina\u00e7\u00e3o, evidenciando que o verdadeiro brilho est\u00e1 na for\u00e7a e na persist\u00eancia.</p>\r\n<p style=\"text-align: justify; \">O presidente tamb\u00e9m destacou o car\u00e1ter inspirador do evento, que refor\u00e7a o compromisso do Legislativo com a valoriza\u00e7\u00e3o de cidad\u00e3s que contribuem para o desenvolvimento do munic\u00edpio.</p>\r\n<p style=\"text-align: justify; \">\u00a0\u00a0\u00a0\u00a0 Ao final, desejou que as homenageadas se sintam reconhecidas e sigam inspirando a comunidade. Durante a solenidade, foram lidas as biografias e realizados pronunciamentos dos vereadores autores das indica\u00e7\u00f5es.</p>\r\n<p align=\"center\" style=\"text-align: justify; \"><b>HOMENAGEADAS </b><i></i></p>\r\n<p style=\"text-align: justify; \"><b>Cely Cristina Costa e Silva Alves.</b></p>\r\n<p style=\"text-align: justify; \"><b><img src=\"https://www.piumhi.mg.leg.br/imagens/Foto103.jpg/@@images/ecc0a862-fe57-40d2-adae-45c67f5af4f8.jpeg\" alt=\"\" class=\"image-inline\" title=\"\" /></b></p>\r\n<p style=\"text-align: justify; \"><b></b>\u00a0 \u00a0 Nasceu em 18 de janeiro de 1971, filha do ex-vereador e professor Osmar Rezende da Silva e H\u00e9lia Aparecida Costa e Silva, m\u00e3e da m\u00e9dica Gabriela.</p>\r\n<p style=\"text-align: justify; \">\u00a0\u00a0\u00a0\u00a0 Formada em Direito pela FADOM, possui especializa\u00e7\u00f5es em \u00e1reas como Direito P\u00fablico, do Trabalho e Licita\u00e7\u00f5es. Construiu s\u00f3lida carreira jur\u00eddica, com atua\u00e7\u00e3o em diversos munic\u00edpios e funda\u00e7\u00e3o de seu pr\u00f3prio escrit\u00f3rio em 2013. Desde 2021, \u00e9 Procuradora Jur\u00eddica do Munic\u00edpio de Piumhi, destacando-se pela compet\u00eancia e dedica\u00e7\u00e3o ao servi\u00e7o p\u00fablico.</p>\r\n<p style=\"text-align: justify; \">Sua trajet\u00f3ria \u00e9 marcada tamb\u00e9m pela supera\u00e7\u00e3o, enfrentando o c\u00e2ncer com coragem, sendo exemplo de f\u00e9, for\u00e7a e compromisso com a coletividade\u201d.</p>\r\n<p style=\"text-align: justify; \">\u00a0\u00a0\u00a0 A homenagem proposta pelo\u00a0<b>Vereador Jos\u00e9 Welington da Silva</b>\u00a0</p>\r\n<p style=\"text-align: justify; \">\u00a0</p>\r\n<p style=\"text-align: justify; \"><b>Franciane Luzia Carvalho Fonseca.</b></p>\r\n<p style=\"text-align: justify; \"><b><img src=\"https://www.piumhi.mg.leg.br/imagens/Foto129.jpg/@@images/c812a7ba-6439-48e3-957a-773684e406ad.jpeg\" alt=\"\" class=\"image-inline\" title=\"\" /></b></p>\r\n<p style=\"text-align: justify; \"><b></b>\u00a0 \u00a0 Nascida em 13 de dezembro de 1981, em Divin\u00f3polis/MG.\u00a0<span>Construiu sua trajet\u00f3ria com base em s\u00f3lidos valores familiares. Casada e m\u00e3e, possui ensino superior e atua como gerente de farm\u00e1cia, destacando-se pela lideran\u00e7a e atendimento humanizado. Empreendedora, \u00e9 s\u00f3cia-fundadora do grupo \u201cAmigas que Correm\u201d, unindo esporte e impacto social. Como corredora amadora, promove eventos beneficentes que j\u00e1 arrecadaram alimentos e recursos para diversas entidades. Sua hist\u00f3ria \u00e9 marcada pela f\u00e9, solidariedade e compromisso com a comunidade, sendo exemplo de dedica\u00e7\u00e3o e transforma\u00e7\u00e3o social.</span></p>\r\n<p style=\"text-align: justify; \">Homenageada pelo Vice-Presidente <b>Gilvan Ant\u00f4nio da Silva</b></p>\r\n<p style=\"text-align: justify; \">\u00a0</p>\r\n<p style=\"text-align: justify; \"><b>S\u00f4nia Regina Macedo Silveira Borges.</b></p>\r\n<p style=\"text-align: justify; \"><b><img src=\"https://www.piumhi.mg.leg.br/imagens/Foto154.jpg/@@images/a6810a9b-f931-4c83-8d72-3af32e772d86.jpeg\" alt=\"\" class=\"image-inline\" title=\"\" /></b></p>\r\n<p style=\"text-align: justify; \"><b></b>\u00a0 \u00a0 \u00a0Nasceu em 26 de junho de 1995, em Piumhi/MG.\u00a0<span>Construiu sua vida baseada em valores familiares. Casada e m\u00e3e, \u00e9 T\u00e9cnica em Enfermagem e atua h\u00e1 11 anos na Santa Casa de Miseric\u00f3rdia de Piumhi, destacando-se pelo cuidado e empatia. Durante a pandemia, esteve na linha de frente, demonstrando coragem e compromisso com a vida. Guiada pela f\u00e9, participa ativamente de sua comunidade religiosa e valoriza intensamente a fam\u00edlia. Sua trajet\u00f3ria \u00e9 exemplo de dedica\u00e7\u00e3o, amor ao pr\u00f3ximo e voca\u00e7\u00e3o para cuidar.</span></p>\r\n<p style=\"text-align: justify; \">Homenageada pelo1\u00ba Secret\u00e1rio <b>Jo\u00e3o Marcos Macedo Silveira</b>\u00a0</p>\r\n<p style=\"text-align: justify; \">\u00a0</p>\r\n<p style=\"text-align: justify; \"><b>Miriam Soares Cunha Nascimento.</b></p>\r\n<p style=\"text-align: justify; \"><b><img src=\"https://www.piumhi.mg.leg.br/imagens/Foto183.jpg/@@images/07b1a0cb-4069-4059-bc84-99435bfea456.jpeg\" alt=\"\" class=\"image-inline\" title=\"\" /></b></p>\r\n<p style=\"text-align: justify; \"><b></b>\u00a0 \u00a0 Nascida em 12 de abril de 1958, em Piumhi/MG.\u00a0<span>Construiu sua trajet\u00f3ria pautada na educa\u00e7\u00e3o e no amor ao conhecimento.</span></p>\r\n<p style=\"text-align: justify; \">Desde jovem, destacou-se pelo envolvimento com a leitura, a cultura e atividades escolares. M\u00e3e dedicada, atuou como professora particular e, posteriormente, como bibliotec\u00e1ria da rede municipal, incentivando gera\u00e7\u00f5es de alunos. Tamb\u00e9m lecionou no Col\u00e9gio Losango, sempre comprometida com a forma\u00e7\u00e3o humana e cidad\u00e3. Sua hist\u00f3ria \u00e9 marcada pela dedica\u00e7\u00e3o \u00e0 educa\u00e7\u00e3o, inspirando valores como respeito, empatia e aprendizado cont\u00ednuo.</p>\r\n<p style=\"text-align: justify; \">Homenageada pelo 2\u00ba Secret\u00e1rio <b>Jos\u00e9 Segundo Faria</b>.</p>\r\n<p style=\"text-align: justify; \"><b>K\u00e1tia Aparecida Soares.</b></p>\r\n<p style=\"text-align: justify; \"><b><img src=\"https://www.piumhi.mg.leg.br/imagens/Foto189.jpg/@@images/28660e14-3b17-41a7-8177-5c8b77121a2a.jpeg\" alt=\"\" class=\"image-inline\" title=\"\" /></b></p>\r\n<p style=\"text-align: justify; \"><b></b>\u00a0 \u00a0 Construiu sua trajet\u00f3ria com dedica\u00e7\u00e3o \u00e0 sa\u00fade e ao cuidado com o pr\u00f3ximo, fundamentada em s\u00f3lidos valores familiares. Enfermeira, possui diversas especializa\u00e7\u00f5es, com destaque nas \u00e1reas de Sa\u00fade P\u00fablica, Sa\u00fade da Mulher e Neuro psicomotricidade. Atuou em Unidades B\u00e1sicas de Sa\u00fade e hoje coordena a Aten\u00e7\u00e3o Prim\u00e1ria de Piumhi, liderando a\u00e7\u00f5es em diversas unidades.\u00a0 Tamb\u00e9m atua como neuro psicomotricista e j\u00e1 contribuiu com institui\u00e7\u00f5es como a APAE, al\u00e9m de experi\u00eancia na \u00e1rea est\u00e9tica e doc\u00eancia. Sua hist\u00f3ria \u00e9 marcada por compromisso, empatia e atua\u00e7\u00e3o social, inspirando a comunidade com seu trabalho e dedica\u00e7\u00e3o.</p>\r\n<p style=\"text-align: justify; \">Homenageada pelo vereador <b>Ant\u00f4nio Fernando Gomes</b>.</p>\r\n<p style=\"text-align: justify; \">\u00a0</p>\r\n<p style=\"text-align: justify; \"><b>Vanilda Soares Faria.</b></p>\r\n<p style=\"text-align: justify; \"><b><img src=\"https://www.piumhi.mg.leg.br/imagens/Foto203.jpg/@@images/2a820532-e028-4f08-8207-5177eb1dc3ec.jpeg\" alt=\"\" class=\"image-inline\" title=\"\" /></b></p>\r\n<p style=\"text-align: justify; \"><b></b>\u00a0 \u00a0 Nascida em 1969 em Piumhi/MG, construiu sua trajet\u00f3ria pautada em s\u00f3lidos valores familiares e dedica\u00e7\u00e3o \u00e0 educa\u00e7\u00e3o. Formada em Magist\u00e9rio, Pedagogia e com p\u00f3s-gradua\u00e7\u00e3o em Inspe\u00e7\u00e3o Escolar, iniciou sua carreira em 1991 na zona rural. Com mais de 30 anos de atua\u00e7\u00e3o, contribuiu para o fortalecimento das pol\u00edticas educacionais e participou de conselhos e planos municipais. Desde 2021, exerce o cargo de Secret\u00e1ria Municipal de Educa\u00e7\u00e3o, destacando-se pela \u00e9tica, responsabilidade e compromisso com a comunidade escolar. Sua hist\u00f3ria \u00e9 exemplo de dedica\u00e7\u00e3o e amor pela educa\u00e7\u00e3o, sendo reconhecida com o Pr\u00eamio Brilhante Mulher 2026. Representada por sua filha <b>Luana Isac Soares)</b></p>\r\n<p style=\"text-align: justify; \">\u00a0\u00a0\u00a0\u00a0 Homenageada pelo vereador <b>F\u00e1bio Henrique Novaes Ferreira.</b></p>\r\n<p style=\"text-align: justify; \">\u00a0</p>\r\n<p style=\"text-align: justify; \"><b>Eliane dos Reis Pacheco Sobrinho.</b></p>\r\n<p style=\"text-align: justify; \"><b><img src=\"https://www.piumhi.mg.leg.br/imagens/Foto222.jpg/@@images/f3df86ef-138b-473e-8f00-048d6f30ed32.jpeg\" alt=\"\" class=\"image-inline\" title=\"\" /></b></p>\r\n<p style=\"text-align: justify; \"><b></b>\u00a0 \u00a0 \u00a0Nascida em 1967, teve uma inf\u00e2ncia simples marcada por desafios de sa\u00fade e supera\u00e7\u00e3o. Casada, m\u00e3e e av\u00f3, construiu sua vida baseada na f\u00e9 e nos valores familiares, atuando ao lado do esposo no minist\u00e9rio pastoral. Membro ativa da Assembleia de Deus, dedica-se ao apoio espiritual e ao acolhimento, especialmente no trabalho com mulheres. Enfrentou com coragem doen\u00e7as e, em 2020, venceu um c\u00e2ncer de mama ap\u00f3s intenso tratamento. Sua trajet\u00f3ria inspira pela f\u00e9, for\u00e7a e solidariedade, sendo reconhecida com o Pr\u00eamio Brilhantes Mulheres de Piumhi.</p>\r\n<p style=\"text-align: justify; \">\u00a0\u00a0\u00a0\u00a0\u00a0\u00a0\u00a0\u00a0 Homenageada pelo vereador <b>Jo\u00e3o L\u00facio de Matos.</b></p>\r\n<p style=\"text-align: justify; \">\u00a0</p>\r\n<p style=\"text-align: justify; \"><b>\u00a0\u00a0\u00a0\u00a0 Liege Guimar\u00e3es Santos.</b></p>\r\n<p style=\"text-align: justify; \"><b><img src=\"https://www.piumhi.mg.leg.br/imagens/Foto241.jpg/@@images/80bf6a96-ccc7-4dfb-a97b-485d91741215.jpeg\" alt=\"\" class=\"image-inline\" title=\"\" /></b></p>\r\n<p style=\"text-align: justify; \"><b>\u00a0 \u00a0 \u00a0 N</b>ascida em 1982, em Piumhi/MG, construiu uma trajet\u00f3ria marcada pelo cuidado integral e conex\u00e3o com a natureza. Engenheira Agr\u00f4noma por forma\u00e7\u00e3o, atuou por cerca de 10 anos antes de se dedicar \u00e0s terapias integrativas.</p>\r\n<p style=\"text-align: justify; \">\u00a0\u00a0\u00a0\u00a0 \u00c9 Terapeuta Hol\u00edstica, com forma\u00e7\u00f5es em terapias ayurv\u00e9dicas, Reiki e estudos de neuroci\u00eancia comportamental. Dirige o Instituto Sabedoria Ancestral, onde promove atendimentos e viv\u00eancias voltadas ao equil\u00edbrio emocional e espiritual. Sua hist\u00f3ria \u00e9 guiada pelo prop\u00f3sito de acolher e transformar vidas, sendo reconhecida com a homenagem Brilhante Mulher 2026.</p>\r\n<p style=\"text-align: justify; \">\u00a0\u00a0\u00a0\u00a0\u00a0\u00a0\u00a0\u00a0\u00a0\u00a0\u00a0 Homenageada pela vereadora <b>Shirley Elaine Gon\u00e7alves</b></p>\r\n<p style=\"text-align: justify; \"><b>Cynthia Teixeira de Oliveira Val\u00e9rio.</b></p>\r\n<p style=\"text-align: justify; \"><b><img src=\"https://www.piumhi.mg.leg.br/imagens/Foto261.jpg/@@images/3bb38ddb-d3a0-494f-971a-e87038fba511.jpeg\" alt=\"\" class=\"image-inline\" title=\"\" /></b></p>\r\n<p style=\"text-align: justify; \"><b></b>\u00a0 \u00a0 \u00a0Nascida em 1982, em Piumhi/MG, construiu sua trajet\u00f3ria com base em valores familiares e compromisso social. Psic\u00f3loga h\u00e1 cerca de 20 anos, possui especializa\u00e7\u00f5es em \u00e1reas como Psicodrama, TCC e Gest\u00e3o de Pessoas. Atuou na sa\u00fade, educa\u00e7\u00e3o e assist\u00eancia social, com destaque para o CAPS II, APAE e implanta\u00e7\u00e3o do CRAS no munic\u00edpio. Atualmente, coordena o CRAS, desenvolvendo a\u00e7\u00f5es voltadas \u00e0s fam\u00edlias em situa\u00e7\u00e3o de vulnerabilidade. Sua hist\u00f3ria \u00e9 marcada pela dedica\u00e7\u00e3o ao cuidado com o pr\u00f3ximo e \u00e0 promo\u00e7\u00e3o de uma sociedade mais justa e acolhedora.</p>\r\n<p style=\"text-align: justify; \">\u00a0\u00a0\u00a0 \u00a0\u00a0\u00a0\u00a0\u00a0\u00a0\u00a0\u00a0\u00a0\u00a0\u00a0\u00a0Homenageada pelo vereador <b>Wender Jos\u00e9 de Oliveira</b></p>", "author_name": "", "version": "1.0", "author_url": "https://www.piumhi.mg.leg.br/author/nelson", "provider_name": "C\u00e2mara Municipal de Piumhi", "type": "rich"}